{"id":19,"date":"2017-12-12T04:38:28","date_gmt":"2017-12-12T03:38:28","guid":{"rendered":"http:\/\/hardis.org\/de\/?p=19"},"modified":"2018-02-20T09:04:58","modified_gmt":"2018-02-20T08:04:58","slug":"introduction","status":"publish","type":"post","link":"https:\/\/valid.mendelu.cz\/?p=19","title":{"rendered":""},"content":{"rendered":"<p><b> <\/b><b>Das Projekt HARDIS \u2013 \u201eMechanische Zerteilung von Laubholz\u201c (ATCZ21) \u2013 wird aus den Mitteln des Europ\u00e4ischen Fonds f\u00fcr regionale Entwicklung und Interreg V-A \u00d6sterreich-Tschechische Republik 2014-2020 sowie aus Mitteln des Landes Nieder\u00f6sterreich finanziert<\/b><\/p>\n<p>Lead Partner<br \/>\nMendel Universit\u00e4t, Br\u00fcnn \u2013 Department of Wood Science, Faculty of Forestry and Wood Technology<br \/>\nProjektpartner<br \/>\nKompetenzzentrum Holz GmbH \u2013 Forschungsbereich Massivholz und Holzverbundwerkstoffe (WMT), Tulln<\/p>\n<p>Das Ziel des von Interreg ATCZ gef\u00f6rderten Projektes ist es, ein umfassendes Verst\u00e4ndnis \u00fcber die im Zuge der mechanischen Zerteilung von Laubholz auftretenden Mechanismen zu schaffen. Daher werden Methoden entwickelt, die die Untersuchung des Schnittprozesses bei verschiedenen Schnittrichtungen, bei derzeit verwendeten Schnittgeschwindigkeiten erm\u00f6glichen sollen. Durch Schnittkraft- und Deformationsmessungen sowie Analyse von Versagensmechanismen wird in weiterer Folge ein FEM-Modell des Zerteilungsprozesses entwickelt. Das Projekt (07\/2017 &#8211; 06\/2020) ist eine Kooperation des Departments of Wood Science, Faculty of Forestry and Wood Technology, Mendel Universit\u00e4t und Wood K plus, Bereich Massivholz und Holzverbundwerkstoffe (Kompetenzzentrum Holz GmbH, Tulln).<\/p>\n","protected":false},"excerpt":{"rendered":"<p>Das Projekt HARDIS \u2013 \u201eMechanische Zerteilung von Laubholz\u201c (ATCZ21) \u2013 wird aus den Mitteln des Europ\u00e4ischen Fonds f\u00fcr regionale Entwicklung und Interreg V-A \u00d6sterreich-Tschechische Republik 2014-2020 sowie aus Mitteln des Landes Nieder\u00f6sterreich finanziert Lead Partner Mendel Universit\u00e4t, Br\u00fcnn \u2013 Department&#8230;<br \/><a class=\"read-more-button\" href=\"https:\/\/valid.mendelu.cz\/?p=19\">Mehr Lesen<\/a><\/p>\n","protected":false},"author":4,"featured_media":0,"comment_status":"open","ping_status":"open","sticky":false,"template":"","format":"standard","meta":{"footnotes":""},"categories":[1],"tags":[],"_links":{"self":[{"href":"https:\/\/valid.mendelu.cz\/index.php?rest_route=\/wp\/v2\/posts\/19"}],"collection":[{"href":"https:\/\/valid.mendelu.cz\/index.php?rest_route=\/wp\/v2\/posts"}],"about":[{"href":"https:\/\/valid.mendelu.cz\/index.php?rest_route=\/wp\/v2\/types\/post"}],"author":[{"embeddable":true,"href":"https:\/\/valid.mendelu.cz\/index.php?rest_route=\/wp\/v2\/users\/4"}],"replies":[{"embeddable":true,"href":"https:\/\/valid.mendelu.cz\/index.php?rest_route=%2Fwp%2Fv2%2Fcomments&post=19"}],"version-history":[{"count":9,"href":"https:\/\/valid.mendelu.cz\/index.php?rest_route=\/wp\/v2\/posts\/19\/revisions"}],"predecessor-version":[{"id":81,"href":"https:\/\/valid.mendelu.cz\/index.php?rest_route=\/wp\/v2\/posts\/19\/revisions\/81"}],"wp:attachment":[{"href":"https:\/\/valid.mendelu.cz\/index.php?rest_route=%2Fwp%2Fv2%2Fmedia&parent=19"}],"wp:term":[{"taxonomy":"category","embeddable":true,"href":"https:\/\/valid.mendelu.cz\/index.php?rest_route=%2Fwp%2Fv2%2Fcategories&post=19"},{"taxonomy":"post_tag","embeddable":true,"href":"https:\/\/valid.mendelu.cz\/index.php?rest_route=%2Fwp%2Fv2%2Ftags&post=19"}],"curies":[{"name":"wp","href":"https:\/\/api.w.org\/{rel}","templated":true}]}}